{"id":466,"date":"2016-06-07T14:00:09","date_gmt":"2016-06-07T12:00:09","guid":{"rendered":"https:\/\/www.pravoslavnacirkev.org\/c\/?p=466"},"modified":"2024-11-13T13:05:08","modified_gmt":"2024-11-13T12:05:08","slug":"ucteni-pamatky-mistra-jana-husa-probehlo-6-7-2016","status":"publish","type":"post","link":"https:\/\/www.pravoslavnacirkev.org\/c\/2016\/06\/07\/ucteni-pamatky-mistra-jana-husa-probehlo-6-7-2016\/","title":{"rendered":"Uct\u011bn\u00ed pam\u00e1tky Mistra Jana Husa prob\u011bhlo 6.7.2016"},"content":{"rendered":"<div id='gallery-1' class='gallery galleryid-466 gallery-columns-3 gallery-size-thumbnail'><figure class='gallery-item'>\n\t\t\t<div class='gallery-icon landscape'>\n\t\t\t\t<a href='https:\/\/www.pravoslavnacirkev.org\/c\/wp-content\/uploads\/2024\/11\/Doubrava-a-Musial-jpg.webp'><img decoding=\"async\" width=\"150\" height=\"150\" src=\"https:\/\/www.pravoslavnacirkev.org\/c\/wp-content\/uploads\/2024\/11\/Doubrava-a-Musial-jpg-150x150.webp\" class=\"attachment-thumbnail size-thumbnail faith-first-image skip-lazy\" alt=\"\" loading=\"eager\" \/><\/a>\n\t\t\t<\/div><\/figure><figure class='gallery-item'>\n\t\t\t<div class='gallery-icon landscape'>\n\t\t\t\t<a href='https:\/\/www.pravoslavnacirkev.org\/c\/wp-content\/uploads\/2024\/11\/Jaroslav-Doubrava-jpg.webp'><img loading=\"lazy\" decoding=\"async\" width=\"150\" height=\"150\" src=\"https:\/\/www.pravoslavnacirkev.org\/c\/wp-content\/uploads\/2024\/11\/Jaroslav-Doubrava-jpg-150x150.webp\" class=\"attachment-thumbnail size-thumbnail\" alt=\"\" \/><\/a>\n\t\t\t<\/div><\/figure><figure class='gallery-item'>\n\t\t\t<div class='gallery-icon landscape'>\n\t\t\t\t<a href='https:\/\/www.pravoslavnacirkev.org\/c\/wp-content\/uploads\/2024\/11\/Jaroslav-Musiial-jpg.webp'><img loading=\"lazy\" decoding=\"async\" width=\"150\" height=\"150\" src=\"https:\/\/www.pravoslavnacirkev.org\/c\/wp-content\/uploads\/2024\/11\/Jaroslav-Musiial-jpg-150x150.webp\" class=\"attachment-thumbnail size-thumbnail\" alt=\"\" \/><\/a>\n\t\t\t<\/div><\/figure><figure class='gallery-item'>\n\t\t\t<div class='gallery-icon landscape'>\n\t\t\t\t<a href='https:\/\/www.pravoslavnacirkev.org\/c\/wp-content\/uploads\/2024\/11\/Kaple-6.7.2016-jpg.webp'><img loading=\"lazy\" decoding=\"async\" width=\"150\" height=\"150\" src=\"https:\/\/www.pravoslavnacirkev.org\/c\/wp-content\/uploads\/2024\/11\/Kaple-6.7.2016-jpg-150x150.webp\" class=\"attachment-thumbnail size-thumbnail\" alt=\"\" \/><\/a>\n\t\t\t<\/div><\/figure>\n\t\t<\/div>\n\n","protected":false},"excerpt":{"rendered":"","protected":false},"author":2,"featured_media":467,"comment_status":"closed","ping_status":"closed","sticky":false,"template":"","format":"standard","meta":{"footnotes":""},"categories":[3,8],"tags":[],"class_list":["post-466","post","type-post","status-publish","format-standard","has-post-thumbnail","hentry","category-galerie","category-galerie-foto"],"_links":{"self":[{"href":"https:\/\/www.pravoslavnacirkev.org\/c\/wp-json\/wp\/v2\/posts\/466"}],"collection":[{"href":"https:\/\/www.pravoslavnacirkev.org\/c\/wp-json\/wp\/v2\/posts"}],"about":[{"href":"https:\/\/www.pravoslavnacirkev.org\/c\/wp-json\/wp\/v2\/types\/post"}],"author":[{"embeddable":true,"href":"https:\/\/www.pravoslavnacirkev.org\/c\/wp-json\/wp\/v2\/users\/2"}],"replies":[{"embeddable":true,"href":"https:\/\/www.pravoslavnacirkev.org\/c\/wp-json\/wp\/v2\/comments?post=466"}],"version-history":[{"count":1,"href":"https:\/\/www.pravoslavnacirkev.org\/c\/wp-json\/wp\/v2\/posts\/466\/revisions"}],"predecessor-version":[{"id":471,"href":"https:\/\/www.pravoslavnacirkev.org\/c\/wp-json\/wp\/v2\/posts\/466\/revisions\/471"}],"wp:featuredmedia":[{"embeddable":true,"href":"https:\/\/www.pravoslavnacirkev.org\/c\/wp-json\/wp\/v2\/media\/467"}],"wp:attachment":[{"href":"https:\/\/www.pravoslavnacirkev.org\/c\/wp-json\/wp\/v2\/media?parent=466"}],"wp:term":[{"taxonomy":"category","embeddable":true,"href":"https:\/\/www.pravoslavnacirkev.org\/c\/wp-json\/wp\/v2\/categories?post=466"},{"taxonomy":"post_tag","embeddable":true,"href":"https:\/\/www.pravoslavnacirkev.org\/c\/wp-json\/wp\/v2\/tags?post=466"}],"curies":[{"name":"wp","href":"https:\/\/api.w.org\/{rel}","templated":true}]}}