{"id":431,"date":"2015-06-20T09:00:45","date_gmt":"2015-06-20T07:00:45","guid":{"rendered":"https:\/\/www.pravoslavnacirkev.org\/c\/?p=431"},"modified":"2024-11-13T13:37:06","modified_gmt":"2024-11-13T12:37:06","slug":"ii-mezinarodni-konference-v-teplicich-20-6-2015","status":"publish","type":"post","link":"https:\/\/www.pravoslavnacirkev.org\/c\/2015\/06\/20\/ii-mezinarodni-konference-v-teplicich-20-6-2015\/","title":{"rendered":"II. mezin\u00e1rodn\u00ed konference v Teplic\u00edch 20.6.2015 T\u00e9ma: Pravoslavn\u00e1 c\u00edrkev ve sv\u011bt\u011b"},"content":{"rendered":"<div id='gallery-1' class='gallery galleryid-431 gallery-columns-3 gallery-size-thumbnail'><figure class='gallery-item'>\n\t\t\t<div class='gallery-icon landscape'>\n\t\t\t\t<a href='https:\/\/www.pravoslavnacirkev.org\/c\/wp-content\/uploads\/2024\/11\/01img_konference-scaled-1.webp'><img decoding=\"async\" width=\"150\" height=\"150\" src=\"https:\/\/www.pravoslavnacirkev.org\/c\/wp-content\/uploads\/2024\/11\/01img_konference-scaled-1-150x150.webp\" class=\"attachment-thumbnail size-thumbnail faith-first-image skip-lazy\" alt=\"\" loading=\"eager\" \/><\/a>\n\t\t\t<\/div><\/figure><figure class='gallery-item'>\n\t\t\t<div class='gallery-icon landscape'>\n\t\t\t\t<a href='https:\/\/www.pravoslavnacirkev.org\/c\/wp-content\/uploads\/2024\/11\/02img_konference-scaled-1.webp'><img loading=\"lazy\" decoding=\"async\" width=\"150\" height=\"150\" src=\"https:\/\/www.pravoslavnacirkev.org\/c\/wp-content\/uploads\/2024\/11\/02img_konference-scaled-1-150x150.webp\" class=\"attachment-thumbnail size-thumbnail\" alt=\"\" \/><\/a>\n\t\t\t<\/div><\/figure><figure class='gallery-item'>\n\t\t\t<div class='gallery-icon landscape'>\n\t\t\t\t<a href='https:\/\/www.pravoslavnacirkev.org\/c\/wp-content\/uploads\/2024\/11\/03img_konference-scaled-1.webp'><img loading=\"lazy\" decoding=\"async\" width=\"150\" height=\"150\" src=\"https:\/\/www.pravoslavnacirkev.org\/c\/wp-content\/uploads\/2024\/11\/03img_konference-scaled-1-150x150.webp\" class=\"attachment-thumbnail size-thumbnail\" alt=\"\" \/><\/a>\n\t\t\t<\/div><\/figure><figure class='gallery-item'>\n\t\t\t<div class='gallery-icon landscape'>\n\t\t\t\t<a href='https:\/\/www.pravoslavnacirkev.org\/c\/wp-content\/uploads\/2024\/11\/04img_konference-scaled-1.webp'><img loading=\"lazy\" decoding=\"async\" width=\"150\" height=\"150\" src=\"https:\/\/www.pravoslavnacirkev.org\/c\/wp-content\/uploads\/2024\/11\/04img_konference-scaled-1-150x150.webp\" class=\"attachment-thumbnail size-thumbnail\" alt=\"\" \/><\/a>\n\t\t\t<\/div><\/figure><figure class='gallery-item'>\n\t\t\t<div class='gallery-icon landscape'>\n\t\t\t\t<a href='https:\/\/www.pravoslavnacirkev.org\/c\/wp-content\/uploads\/2024\/11\/05img_konference-scaled-1.webp'><img loading=\"lazy\" decoding=\"async\" width=\"150\" height=\"150\" src=\"https:\/\/www.pravoslavnacirkev.org\/c\/wp-content\/uploads\/2024\/11\/05img_konference-scaled-1-150x150.webp\" class=\"attachment-thumbnail size-thumbnail\" alt=\"\" \/><\/a>\n\t\t\t<\/div><\/figure><figure class='gallery-item'>\n\t\t\t<div class='gallery-icon landscape'>\n\t\t\t\t<a href='https:\/\/www.pravoslavnacirkev.org\/c\/wp-content\/uploads\/2024\/11\/06img_konference-scaled-1.webp'><img loading=\"lazy\" decoding=\"async\" width=\"150\" height=\"150\" src=\"https:\/\/www.pravoslavnacirkev.org\/c\/wp-content\/uploads\/2024\/11\/06img_konference-scaled-1-150x150.webp\" class=\"attachment-thumbnail size-thumbnail\" alt=\"\" \/><\/a>\n\t\t\t<\/div><\/figure><figure class='gallery-item'>\n\t\t\t<div class='gallery-icon landscape'>\n\t\t\t\t<a href='https:\/\/www.pravoslavnacirkev.org\/c\/wp-content\/uploads\/2024\/11\/07img_konference-scaled-1.webp'><img loading=\"lazy\" decoding=\"async\" width=\"150\" height=\"150\" src=\"https:\/\/www.pravoslavnacirkev.org\/c\/wp-content\/uploads\/2024\/11\/07img_konference-scaled-1-150x150.webp\" class=\"attachment-thumbnail size-thumbnail\" alt=\"\" \/><\/a>\n\t\t\t<\/div><\/figure><figure class='gallery-item'>\n\t\t\t<div class='gallery-icon landscape'>\n\t\t\t\t<a href='https:\/\/www.pravoslavnacirkev.org\/c\/wp-content\/uploads\/2024\/11\/08img_konference-scaled-1.webp'><img loading=\"lazy\" decoding=\"async\" width=\"150\" height=\"150\" src=\"https:\/\/www.pravoslavnacirkev.org\/c\/wp-content\/uploads\/2024\/11\/08img_konference-scaled-1-150x150.webp\" class=\"attachment-thumbnail size-thumbnail\" alt=\"\" \/><\/a>\n\t\t\t<\/div><\/figure><figure class='gallery-item'>\n\t\t\t<div class='gallery-icon landscape'>\n\t\t\t\t<a href='https:\/\/www.pravoslavnacirkev.org\/c\/wp-content\/uploads\/2024\/11\/09img_konference-scaled-1.webp'><img loading=\"lazy\" decoding=\"async\" width=\"150\" height=\"150\" src=\"https:\/\/www.pravoslavnacirkev.org\/c\/wp-content\/uploads\/2024\/11\/09img_konference-scaled-1-150x150.webp\" class=\"attachment-thumbnail size-thumbnail\" alt=\"\" \/><\/a>\n\t\t\t<\/div><\/figure><figure class='gallery-item'>\n\t\t\t<div class='gallery-icon landscape'>\n\t\t\t\t<a href='https:\/\/www.pravoslavnacirkev.org\/c\/wp-content\/uploads\/2024\/11\/10img_konference-scaled-1.webp'><img loading=\"lazy\" decoding=\"async\" width=\"150\" height=\"150\" src=\"https:\/\/www.pravoslavnacirkev.org\/c\/wp-content\/uploads\/2024\/11\/10img_konference-scaled-1-150x150.webp\" class=\"attachment-thumbnail size-thumbnail\" alt=\"\" \/><\/a>\n\t\t\t<\/div><\/figure>\n\t\t<\/div>\n\n","protected":false},"excerpt":{"rendered":"","protected":false},"author":2,"featured_media":432,"comment_status":"closed","ping_status":"closed","sticky":false,"template":"","format":"standard","meta":{"footnotes":""},"categories":[3,8],"tags":[],"class_list":["post-431","post","type-post","status-publish","format-standard","has-post-thumbnail","hentry","category-galerie","category-galerie-foto"],"_links":{"self":[{"href":"https:\/\/www.pravoslavnacirkev.org\/c\/wp-json\/wp\/v2\/posts\/431"}],"collection":[{"href":"https:\/\/www.pravoslavnacirkev.org\/c\/wp-json\/wp\/v2\/posts"}],"about":[{"href":"https:\/\/www.pravoslavnacirkev.org\/c\/wp-json\/wp\/v2\/types\/post"}],"author":[{"embeddable":true,"href":"https:\/\/www.pravoslavnacirkev.org\/c\/wp-json\/wp\/v2\/users\/2"}],"replies":[{"embeddable":true,"href":"https:\/\/www.pravoslavnacirkev.org\/c\/wp-json\/wp\/v2\/comments?post=431"}],"version-history":[{"count":2,"href":"https:\/\/www.pravoslavnacirkev.org\/c\/wp-json\/wp\/v2\/posts\/431\/revisions"}],"predecessor-version":[{"id":502,"href":"https:\/\/www.pravoslavnacirkev.org\/c\/wp-json\/wp\/v2\/posts\/431\/revisions\/502"}],"wp:featuredmedia":[{"embeddable":true,"href":"https:\/\/www.pravoslavnacirkev.org\/c\/wp-json\/wp\/v2\/media\/432"}],"wp:attachment":[{"href":"https:\/\/www.pravoslavnacirkev.org\/c\/wp-json\/wp\/v2\/media?parent=431"}],"wp:term":[{"taxonomy":"category","embeddable":true,"href":"https:\/\/www.pravoslavnacirkev.org\/c\/wp-json\/wp\/v2\/categories?post=431"},{"taxonomy":"post_tag","embeddable":true,"href":"https:\/\/www.pravoslavnacirkev.org\/c\/wp-json\/wp\/v2\/tags?post=431"}],"curies":[{"name":"wp","href":"https:\/\/api.w.org\/{rel}","templated":true}]}}