{"id":351,"date":"2012-05-21T09:00:25","date_gmt":"2012-05-21T07:00:25","guid":{"rendered":"https:\/\/www.pravoslavnacirkev.org\/c\/?p=351"},"modified":"2024-11-13T13:36:35","modified_gmt":"2024-11-13T12:36:35","slug":"i-mezinarodni-konference-v-teplicich-tema-sv-rostislav-v-dejinach-ceskych-zemi-2012","status":"publish","type":"post","link":"https:\/\/www.pravoslavnacirkev.org\/c\/2012\/05\/21\/i-mezinarodni-konference-v-teplicich-tema-sv-rostislav-v-dejinach-ceskych-zemi-2012\/","title":{"rendered":"I. mezin\u00e1rodn\u00ed konference v Teplic\u00edch. T\u00e9ma: sv. Rostislav v d\u011bjin\u00e1ch \u010desk\u00fdch zem\u00ed &#8211; 2012"},"content":{"rendered":"<p>&nbsp;<\/p>\n<div id='gallery-1' class='gallery galleryid-351 gallery-columns-3 gallery-size-thumbnail'><figure class='gallery-item'>\n\t\t\t<div class='gallery-icon landscape'>\n\t\t\t\t<a href='https:\/\/www.pravoslavnacirkev.org\/c\/wp-content\/uploads\/2024\/11\/igumen-PhDr.-ThDr.-Mgr.-Eugen-S.-Freimann-Ph.D-scaled-1.webp'><img decoding=\"async\" width=\"150\" height=\"150\" src=\"https:\/\/www.pravoslavnacirkev.org\/c\/wp-content\/uploads\/2024\/11\/igumen-PhDr.-ThDr.-Mgr.-Eugen-S.-Freimann-Ph.D-scaled-1-150x150.webp\" class=\"attachment-thumbnail size-thumbnail faith-first-image skip-lazy\" alt=\"\" loading=\"eager\" \/><\/a>\n\t\t\t<\/div><\/figure><figure class='gallery-item'>\n\t\t\t<div class='gallery-icon landscape'>\n\t\t\t\t<a href='https:\/\/www.pravoslavnacirkev.org\/c\/wp-content\/uploads\/2024\/11\/Chram-Povyseni-sv.-Krize-1-scaled-1.webp'><img loading=\"lazy\" decoding=\"async\" width=\"150\" height=\"150\" src=\"https:\/\/www.pravoslavnacirkev.org\/c\/wp-content\/uploads\/2024\/11\/Chram-Povyseni-sv.-Krize-1-scaled-1-150x150.webp\" class=\"attachment-thumbnail size-thumbnail\" alt=\"\" \/><\/a>\n\t\t\t<\/div><\/figure><figure class='gallery-item'>\n\t\t\t<div class='gallery-icon landscape'>\n\t\t\t\t<a href='https:\/\/www.pravoslavnacirkev.org\/c\/wp-content\/uploads\/2024\/11\/Duchovni-konference-scaled-1.webp'><img loading=\"lazy\" decoding=\"async\" width=\"150\" height=\"150\" src=\"https:\/\/www.pravoslavnacirkev.org\/c\/wp-content\/uploads\/2024\/11\/Duchovni-konference-scaled-1-150x150.webp\" class=\"attachment-thumbnail size-thumbnail\" alt=\"\" \/><\/a>\n\t\t\t<\/div><\/figure><figure class='gallery-item'>\n\t\t\t<div class='gallery-icon landscape'>\n\t\t\t\t<a href='https:\/\/www.pravoslavnacirkev.org\/c\/wp-content\/uploads\/2024\/11\/Duchovni-konference-1-scaled-1.webp'><img loading=\"lazy\" decoding=\"async\" width=\"150\" height=\"150\" src=\"https:\/\/www.pravoslavnacirkev.org\/c\/wp-content\/uploads\/2024\/11\/Duchovni-konference-1-scaled-1-150x150.webp\" class=\"attachment-thumbnail size-thumbnail\" alt=\"\" \/><\/a>\n\t\t\t<\/div><\/figure><figure class='gallery-item'>\n\t\t\t<div class='gallery-icon landscape'>\n\t\t\t\t<a href='https:\/\/www.pravoslavnacirkev.org\/c\/wp-content\/uploads\/2024\/11\/Duchovni-konference-2-scaled-1.webp'><img loading=\"lazy\" decoding=\"async\" width=\"150\" height=\"150\" src=\"https:\/\/www.pravoslavnacirkev.org\/c\/wp-content\/uploads\/2024\/11\/Duchovni-konference-2-scaled-1-150x150.webp\" class=\"attachment-thumbnail size-thumbnail\" alt=\"\" \/><\/a>\n\t\t\t<\/div><\/figure>\n\t\t<\/div>\n\n","protected":false},"excerpt":{"rendered":"<p>&nbsp;<\/p>\n","protected":false},"author":2,"featured_media":357,"comment_status":"closed","ping_status":"closed","sticky":false,"template":"","format":"standard","meta":{"footnotes":""},"categories":[3,8],"tags":[],"class_list":["post-351","post","type-post","status-publish","format-standard","has-post-thumbnail","hentry","category-galerie","category-galerie-foto"],"_links":{"self":[{"href":"https:\/\/www.pravoslavnacirkev.org\/c\/wp-json\/wp\/v2\/posts\/351"}],"collection":[{"href":"https:\/\/www.pravoslavnacirkev.org\/c\/wp-json\/wp\/v2\/posts"}],"about":[{"href":"https:\/\/www.pravoslavnacirkev.org\/c\/wp-json\/wp\/v2\/types\/post"}],"author":[{"embeddable":true,"href":"https:\/\/www.pravoslavnacirkev.org\/c\/wp-json\/wp\/v2\/users\/2"}],"replies":[{"embeddable":true,"href":"https:\/\/www.pravoslavnacirkev.org\/c\/wp-json\/wp\/v2\/comments?post=351"}],"version-history":[{"count":5,"href":"https:\/\/www.pravoslavnacirkev.org\/c\/wp-json\/wp\/v2\/posts\/351\/revisions"}],"predecessor-version":[{"id":501,"href":"https:\/\/www.pravoslavnacirkev.org\/c\/wp-json\/wp\/v2\/posts\/351\/revisions\/501"}],"wp:featuredmedia":[{"embeddable":true,"href":"https:\/\/www.pravoslavnacirkev.org\/c\/wp-json\/wp\/v2\/media\/357"}],"wp:attachment":[{"href":"https:\/\/www.pravoslavnacirkev.org\/c\/wp-json\/wp\/v2\/media?parent=351"}],"wp:term":[{"taxonomy":"category","embeddable":true,"href":"https:\/\/www.pravoslavnacirkev.org\/c\/wp-json\/wp\/v2\/categories?post=351"},{"taxonomy":"post_tag","embeddable":true,"href":"https:\/\/www.pravoslavnacirkev.org\/c\/wp-json\/wp\/v2\/tags?post=351"}],"curies":[{"name":"wp","href":"https:\/\/api.w.org\/{rel}","templated":true}]}}