{"id":1584,"date":"2026-04-29T16:13:41","date_gmt":"2026-04-29T14:13:41","guid":{"rendered":"https:\/\/www.pravoslavnacirkev.org\/c\/?p=1584"},"modified":"2026-04-29T19:25:32","modified_gmt":"2026-04-29T17:25:32","slug":"biskupske-sveceni-v-sumi","status":"publish","type":"post","link":"https:\/\/www.pravoslavnacirkev.org\/c\/2026\/04\/29\/biskupske-sveceni-v-sumi\/","title":{"rendered":"Biskupsk\u00e9 sv\u011bcen\u00ed v Sumi"},"content":{"rendered":"<p>Dne 26. dubna 2026 byl na v\u00fdchod\u011b Ukrajiny v m\u011bst\u011b Sumi vysv\u011bcen na biskupa archimandrita Eugen. Sv\u011bcen\u00ed vykonal\u00a0 patriarcha kyjevsk\u00fd a cel\u00e9 Rusi-Ukrajiny Nikodim a biskup borispolsk\u00fd Jevgenii.<\/p>\n<p>Nov\u00fd biskup dostal titul biskup teplick\u00fd a vik\u00e1\u0159 patriarchy kyjevsk\u00e9ho a cel\u00e9 Rusi-Ukrajiny pro \u010ceskou republiku.<\/p>\n<p>Prvn\u00ed svatou archijerejskou liturgii vykon\u00e1 nov\u00fd biskup v Teplic\u00edch dne 3. kv\u011btna 2026 v kapli sv. Konstantina a Heleny.<\/p>\n<p>Na mnoh\u00e1 a blah\u00e1 l\u00e9ta vladyko!<\/p>\n<p><img loading=\"lazy\" decoding=\"async\" class=\"wp-image-1582 aligncenter\" src=\"https:\/\/www.pravoslavnacirkev.org\/c\/wp-content\/uploads\/2026\/04\/18-215x300.jpg\" alt=\"\" width=\"1063\" height=\"1484\" srcset=\"https:\/\/www.pravoslavnacirkev.org\/c\/wp-content\/uploads\/2026\/04\/18-215x300.jpg 215w, https:\/\/www.pravoslavnacirkev.org\/c\/wp-content\/uploads\/2026\/04\/18.jpg 590w\" sizes=\"(max-width: 1063px) 100vw, 1063px\" \/><\/p>\n","protected":false},"excerpt":{"rendered":"<p>Nov\u00fd biskup <\/p>\n","protected":false},"author":2,"featured_media":1585,"comment_status":"closed","ping_status":"closed","sticky":false,"template":"","format":"standard","meta":{"footnotes":""},"categories":[2],"tags":[],"class_list":["post-1584","post","type-post","status-publish","format-standard","has-post-thumbnail","hentry","category-oznameni"],"_links":{"self":[{"href":"https:\/\/www.pravoslavnacirkev.org\/c\/wp-json\/wp\/v2\/posts\/1584"}],"collection":[{"href":"https:\/\/www.pravoslavnacirkev.org\/c\/wp-json\/wp\/v2\/posts"}],"about":[{"href":"https:\/\/www.pravoslavnacirkev.org\/c\/wp-json\/wp\/v2\/types\/post"}],"author":[{"embeddable":true,"href":"https:\/\/www.pravoslavnacirkev.org\/c\/wp-json\/wp\/v2\/users\/2"}],"replies":[{"embeddable":true,"href":"https:\/\/www.pravoslavnacirkev.org\/c\/wp-json\/wp\/v2\/comments?post=1584"}],"version-history":[{"count":3,"href":"https:\/\/www.pravoslavnacirkev.org\/c\/wp-json\/wp\/v2\/posts\/1584\/revisions"}],"predecessor-version":[{"id":1588,"href":"https:\/\/www.pravoslavnacirkev.org\/c\/wp-json\/wp\/v2\/posts\/1584\/revisions\/1588"}],"wp:featuredmedia":[{"embeddable":true,"href":"https:\/\/www.pravoslavnacirkev.org\/c\/wp-json\/wp\/v2\/media\/1585"}],"wp:attachment":[{"href":"https:\/\/www.pravoslavnacirkev.org\/c\/wp-json\/wp\/v2\/media?parent=1584"}],"wp:term":[{"taxonomy":"category","embeddable":true,"href":"https:\/\/www.pravoslavnacirkev.org\/c\/wp-json\/wp\/v2\/categories?post=1584"},{"taxonomy":"post_tag","embeddable":true,"href":"https:\/\/www.pravoslavnacirkev.org\/c\/wp-json\/wp\/v2\/tags?post=1584"}],"curies":[{"name":"wp","href":"https:\/\/api.w.org\/{rel}","templated":true}]}}